{"id":2737,"date":"2025-04-14T22:15:41","date_gmt":"2025-04-14T22:15:41","guid":{"rendered":"https:\/\/qualitystandspanama.com\/?p=2737"},"modified":"2026-01-29T22:01:41","modified_gmt":"2026-01-29T22:01:41","slug":"stands-personalizados-eventos","status":"publish","type":"post","link":"https:\/\/qualitystandspanama.com\/en\/stands-personalizados-eventos\/","title":{"rendered":"Montaje de Stands Personalizados para Empresas del Sector Salud \u2013 Congreso de Dermatolog\u00eda 2025"},"content":{"rendered":"<p class=\"has-black-color has-text-color has-link-color wp-elements-387a5b44253ebdf3a426b86a8b3c5482\">La semana pasada tuvimos el privilegio de participar en el <a href=\"https:\/\/www.instagram.com\/reel\/DH_gpOYJoad\/?igsh=cHVzcW5sZmlqZWx2\">Congreso de Dermatolog\u00eda 2025<\/a>, uno de los eventos m\u00e9dicos y cient\u00edficos m\u00e1s importantes del a\u00f1o. En \u00e9l se dieron cita reconocidas marcas, profesionales de la salud y especialistas en dermatolog\u00eda de toda la regi\u00f3n. En esta ocasi\u00f3n, nos encargamos del dise\u00f1o y montaje de stands personalizados para varias empresas l\u00edderes del sector<\/p>\n\n\n\n<p class=\"has-black-color has-text-color has-link-color wp-elements-d7ec16fc509200ed7fbca616132bff8d\"><strong>En Quality Stands<\/strong>, fuimos elegidos para dise\u00f1ar, construir y montar 9 stands personalizados. Cada espacio fue una oportunidad para mostrar lo que mejor sabemos hacer: crear estructuras \u00fanicas que transmiten identidad, generan impacto visual y maximizan la experiencia del visitante.<\/p>\n\n\n\n<h2 class=\"wp-block-heading has-text-align-left has-black-color has-text-color has-link-color has-medium-font-size wp-elements-cd43272b13e18dbb5acb2db7c3afc5af\"><strong><a href=\"https:\/\/qualitystandspanama.com\/en\/diseno-y-graficos-stands-en-panama\/\">Un proceso creativo y profesional de principio a fin<\/a><\/strong><\/h2>\n\n\n\n<p class=\"has-black-color has-text-color has-link-color wp-elements-4b39fdbefeb3cec17964dd354c908a37\"><strong>Nuestro equipo<\/strong>, adem\u00e1s, trabaj\u00f3 de forma cercana con cada cliente para entender su visi\u00f3n. Convertimos esas ideas en stands funcionales, atractivos y alineados con los objetivos de marca. <strong>Desde las primeras propuestas en 3D hasta el montaje final<\/strong>, cuidamos cada detalle para garantizar la excelencia.<\/p>\n\n\n\n<p class=\"has-text-align-left has-black-color has-text-color has-link-color wp-elements-4b7a78f9d43c45b11023798f7e24079c\" style=\"font-size:17px\">Los resultados fueron evidentes. Los stands destacaron por su dise\u00f1o innovador, materiales de alta calidad y una presencia que no pas\u00f3 desapercibida. <strong>En consecuencia<\/strong>, nuestros clientes quedaron totalmente satisfechos, y recibimos comentarios positivos de ellos, as\u00ed como de los asistentes y organizadores.<\/p>\n\n\n\n<h2 class=\"wp-block-heading has-black-color has-text-color has-link-color has-medium-font-size wp-elements-d20a0d8f4c583485745aaad13a3c1b6d\"><strong>Una experiencia que nos impulsa a seguir creciendo<\/strong><\/h2>\n\n\n\n<p class=\"has-black-color has-text-color has-link-color wp-elements-e96edbdbd9bb06ac3fab9cfd5c0162a1\">Participar en este tipo de congresos <strong>no solo<\/strong> representa una vitrina para nuestras capacidades, sino tambi\u00e9n un compromiso con la mejora continua. En Quality Stands creemos que un buen dise\u00f1o de stand puede marcar la diferencia en la forma en que una marca se presenta ante su audiencia.<\/p>\n\n\n\n<p class=\"has-black-color has-text-color has-link-color wp-elements-acf62a6823caba1b06b9ddeb64206908\" style=\"font-size:17px\">Agradecemos a las empresas que confiaron en nosotros y al comit\u00e9 organizador del congreso por permitirnos ser parte de este gran evento.<\/p>\n\n\n\n<p class=\"has-medium-font-size\"><\/p>\n\n\n\n<p class=\"has-black-color has-text-color has-link-color wp-elements-eff69df8b7b250ca0ad7dd2689c39958\"><strong>\u00bfTienes un congreso o feria pr\u00f3ximamente?<\/strong><br>En <strong>Quality Stands<\/strong>, creamos <strong>stands que hablan por tu marca<\/strong>. Cont\u00e1ctanos y hagamos realidad tu pr\u00f3ximo proyecto.<\/p>\n\n\n\n<div class=\"wp-block-group\"><div class=\"wp-block-group__inner-container is-layout-constrained wp-block-group-is-layout-constrained\">\n<figure class=\"wp-block-gallery has-nested-images columns-default is-cropped wp-block-gallery-1 is-layout-flex wp-block-gallery-is-layout-flex\">\n<figure class=\"wp-block-image size-large\"><img loading=\"lazy\" decoding=\"async\" width=\"768\" height=\"1024\" data-id=\"3011\" src=\"https:\/\/qualitystandspanama.com\/wp-content\/uploads\/2025\/04\/Global-Skin-Dermatologia-2025-768x1024.webp\" alt=\"\" class=\"wp-image-3011\" srcset=\"https:\/\/qualitystandspanama.com\/wp-content\/uploads\/2025\/04\/Global-Skin-Dermatologia-2025-768x1024.webp 768w, https:\/\/qualitystandspanama.com\/wp-content\/uploads\/2025\/04\/Global-Skin-Dermatologia-2025-225x300.webp 225w, https:\/\/qualitystandspanama.com\/wp-content\/uploads\/2025\/04\/Global-Skin-Dermatologia-2025-1152x1536.webp 1152w, https:\/\/qualitystandspanama.com\/wp-content\/uploads\/2025\/04\/Global-Skin-Dermatologia-2025-1536x2048.webp 1536w, https:\/\/qualitystandspanama.com\/wp-content\/uploads\/2025\/04\/Global-Skin-Dermatologia-2025-9x12.webp 9w, https:\/\/qualitystandspanama.com\/wp-content\/uploads\/2025\/04\/Global-Skin-Dermatologia-2025-1024x1365.webp 1024w, https:\/\/qualitystandspanama.com\/wp-content\/uploads\/2025\/04\/Global-Skin-Dermatologia-2025-810x1080.webp 810w, https:\/\/qualitystandspanama.com\/wp-content\/uploads\/2025\/04\/Global-Skin-Dermatologia-2025-600x800.webp 600w, https:\/\/qualitystandspanama.com\/wp-content\/uploads\/2025\/04\/Global-Skin-Dermatologia-2025.webp 1920w\" sizes=\"auto, (max-width: 768px) 100vw, 768px\" \/><\/figure>\n\n\n\n<figure class=\"wp-block-image size-large\"><img loading=\"lazy\" decoding=\"async\" width=\"768\" height=\"1024\" data-id=\"3013\" src=\"https:\/\/qualitystandspanama.com\/wp-content\/uploads\/2025\/04\/Panamed-Dermatologia-2025-768x1024.webp\" alt=\"\" class=\"wp-image-3013\" srcset=\"https:\/\/qualitystandspanama.com\/wp-content\/uploads\/2025\/04\/Panamed-Dermatologia-2025-768x1024.webp 768w, https:\/\/qualitystandspanama.com\/wp-content\/uploads\/2025\/04\/Panamed-Dermatologia-2025-225x300.webp 225w, https:\/\/qualitystandspanama.com\/wp-content\/uploads\/2025\/04\/Panamed-Dermatologia-2025-1152x1536.webp 1152w, https:\/\/qualitystandspanama.com\/wp-content\/uploads\/2025\/04\/Panamed-Dermatologia-2025-9x12.webp 9w, https:\/\/qualitystandspanama.com\/wp-content\/uploads\/2025\/04\/Panamed-Dermatologia-2025-1024x1365.webp 1024w, https:\/\/qualitystandspanama.com\/wp-content\/uploads\/2025\/04\/Panamed-Dermatologia-2025-810x1080.webp 810w, https:\/\/qualitystandspanama.com\/wp-content\/uploads\/2025\/04\/Panamed-Dermatologia-2025-600x800.webp 600w, https:\/\/qualitystandspanama.com\/wp-content\/uploads\/2025\/04\/Panamed-Dermatologia-2025.webp 1200w\" sizes=\"auto, (max-width: 768px) 100vw, 768px\" \/><\/figure>\n\n\n\n<figure class=\"wp-block-image size-large\"><img loading=\"lazy\" decoding=\"async\" width=\"768\" height=\"1024\" data-id=\"3020\" src=\"https:\/\/qualitystandspanama.com\/wp-content\/uploads\/2025\/05\/Odella-Dermatologia-2025edit-768x1024.jpg\" alt=\"\" class=\"wp-image-3020\" srcset=\"https:\/\/qualitystandspanama.com\/wp-content\/uploads\/2025\/05\/Odella-Dermatologia-2025edit-768x1024.jpg 768w, https:\/\/qualitystandspanama.com\/wp-content\/uploads\/2025\/05\/Odella-Dermatologia-2025edit-225x300.jpg 225w, https:\/\/qualitystandspanama.com\/wp-content\/uploads\/2025\/05\/Odella-Dermatologia-2025edit-1152x1536.jpg 1152w, https:\/\/qualitystandspanama.com\/wp-content\/uploads\/2025\/05\/Odella-Dermatologia-2025edit-9x12.jpg 9w, https:\/\/qualitystandspanama.com\/wp-content\/uploads\/2025\/05\/Odella-Dermatologia-2025edit-1024x1365.jpg 1024w, https:\/\/qualitystandspanama.com\/wp-content\/uploads\/2025\/05\/Odella-Dermatologia-2025edit-810x1080.jpg 810w, https:\/\/qualitystandspanama.com\/wp-content\/uploads\/2025\/05\/Odella-Dermatologia-2025edit-600x800.jpg 600w, https:\/\/qualitystandspanama.com\/wp-content\/uploads\/2025\/05\/Odella-Dermatologia-2025edit.jpg 1440w\" sizes=\"auto, (max-width: 768px) 100vw, 768px\" \/><\/figure>\n\n\n\n<figure class=\"wp-block-image size-large\"><img loading=\"lazy\" decoding=\"async\" width=\"768\" height=\"1024\" data-id=\"3014\" src=\"https:\/\/qualitystandspanama.com\/wp-content\/uploads\/2025\/04\/Tekmedic-Dermatologia-2025-768x1024.webp\" alt=\"\" class=\"wp-image-3014\" srcset=\"https:\/\/qualitystandspanama.com\/wp-content\/uploads\/2025\/04\/Tekmedic-Dermatologia-2025-768x1024.webp 768w, https:\/\/qualitystandspanama.com\/wp-content\/uploads\/2025\/04\/Tekmedic-Dermatologia-2025-225x300.webp 225w, https:\/\/qualitystandspanama.com\/wp-content\/uploads\/2025\/04\/Tekmedic-Dermatologia-2025-1152x1536.webp 1152w, https:\/\/qualitystandspanama.com\/wp-content\/uploads\/2025\/04\/Tekmedic-Dermatologia-2025-1536x2048.webp 1536w, https:\/\/qualitystandspanama.com\/wp-content\/uploads\/2025\/04\/Tekmedic-Dermatologia-2025-9x12.webp 9w, https:\/\/qualitystandspanama.com\/wp-content\/uploads\/2025\/04\/Tekmedic-Dermatologia-2025-1024x1365.webp 1024w, https:\/\/qualitystandspanama.com\/wp-content\/uploads\/2025\/04\/Tekmedic-Dermatologia-2025-810x1080.webp 810w, https:\/\/qualitystandspanama.com\/wp-content\/uploads\/2025\/04\/Tekmedic-Dermatologia-2025-600x800.webp 600w, https:\/\/qualitystandspanama.com\/wp-content\/uploads\/2025\/04\/Tekmedic-Dermatologia-2025.webp 1920w\" sizes=\"auto, (max-width: 768px) 100vw, 768px\" \/><\/figure>\n\n\n\n<figure class=\"wp-block-image size-large\"><img loading=\"lazy\" decoding=\"async\" width=\"768\" height=\"1024\" data-id=\"3015\" src=\"https:\/\/qualitystandspanama.com\/wp-content\/uploads\/2025\/04\/Uriage-Medimex-Dermatologia-2025-768x1024.webp\" alt=\"\" class=\"wp-image-3015\" srcset=\"https:\/\/qualitystandspanama.com\/wp-content\/uploads\/2025\/04\/Uriage-Medimex-Dermatologia-2025-768x1024.webp 768w, https:\/\/qualitystandspanama.com\/wp-content\/uploads\/2025\/04\/Uriage-Medimex-Dermatologia-2025-225x300.webp 225w, https:\/\/qualitystandspanama.com\/wp-content\/uploads\/2025\/04\/Uriage-Medimex-Dermatologia-2025-1152x1536.webp 1152w, https:\/\/qualitystandspanama.com\/wp-content\/uploads\/2025\/04\/Uriage-Medimex-Dermatologia-2025-1536x2048.webp 1536w, https:\/\/qualitystandspanama.com\/wp-content\/uploads\/2025\/04\/Uriage-Medimex-Dermatologia-2025-9x12.webp 9w, https:\/\/qualitystandspanama.com\/wp-content\/uploads\/2025\/04\/Uriage-Medimex-Dermatologia-2025-1024x1365.webp 1024w, https:\/\/qualitystandspanama.com\/wp-content\/uploads\/2025\/04\/Uriage-Medimex-Dermatologia-2025-810x1080.webp 810w, https:\/\/qualitystandspanama.com\/wp-content\/uploads\/2025\/04\/Uriage-Medimex-Dermatologia-2025-600x800.webp 600w, https:\/\/qualitystandspanama.com\/wp-content\/uploads\/2025\/04\/Uriage-Medimex-Dermatologia-2025.webp 1843w\" sizes=\"auto, (max-width: 768px) 100vw, 768px\" \/><\/figure>\n\n\n\n<figure class=\"wp-block-image size-large\"><img loading=\"lazy\" decoding=\"async\" width=\"768\" height=\"1024\" data-id=\"3010\" src=\"https:\/\/qualitystandspanama.com\/wp-content\/uploads\/2025\/04\/Bago-Dermatologia-2025-768x1024.webp\" alt=\"\" class=\"wp-image-3010\" srcset=\"https:\/\/qualitystandspanama.com\/wp-content\/uploads\/2025\/04\/Bago-Dermatologia-2025-768x1024.webp 768w, https:\/\/qualitystandspanama.com\/wp-content\/uploads\/2025\/04\/Bago-Dermatologia-2025-225x300.webp 225w, https:\/\/qualitystandspanama.com\/wp-content\/uploads\/2025\/04\/Bago-Dermatologia-2025-1152x1536.webp 1152w, https:\/\/qualitystandspanama.com\/wp-content\/uploads\/2025\/04\/Bago-Dermatologia-2025-9x12.webp 9w, https:\/\/qualitystandspanama.com\/wp-content\/uploads\/2025\/04\/Bago-Dermatologia-2025-1024x1365.webp 1024w, https:\/\/qualitystandspanama.com\/wp-content\/uploads\/2025\/04\/Bago-Dermatologia-2025-810x1080.webp 810w, https:\/\/qualitystandspanama.com\/wp-content\/uploads\/2025\/04\/Bago-Dermatologia-2025-600x800.webp 600w, https:\/\/qualitystandspanama.com\/wp-content\/uploads\/2025\/04\/Bago-Dermatologia-2025.webp 1440w\" sizes=\"auto, (max-width: 768px) 100vw, 768px\" \/><\/figure>\n\n\n\n<figure class=\"wp-block-image size-large\"><img loading=\"lazy\" decoding=\"async\" width=\"768\" height=\"1024\" data-id=\"3012\" src=\"https:\/\/qualitystandspanama.com\/wp-content\/uploads\/2025\/04\/IceCare-Dermatologia-2025-768x1024.webp\" alt=\"\" class=\"wp-image-3012\" srcset=\"https:\/\/qualitystandspanama.com\/wp-content\/uploads\/2025\/04\/IceCare-Dermatologia-2025-768x1024.webp 768w, https:\/\/qualitystandspanama.com\/wp-content\/uploads\/2025\/04\/IceCare-Dermatologia-2025-225x300.webp 225w, https:\/\/qualitystandspanama.com\/wp-content\/uploads\/2025\/04\/IceCare-Dermatologia-2025-1152x1536.webp 1152w, https:\/\/qualitystandspanama.com\/wp-content\/uploads\/2025\/04\/IceCare-Dermatologia-2025-1536x2048.webp 1536w, https:\/\/qualitystandspanama.com\/wp-content\/uploads\/2025\/04\/IceCare-Dermatologia-2025-9x12.webp 9w, https:\/\/qualitystandspanama.com\/wp-content\/uploads\/2025\/04\/IceCare-Dermatologia-2025-1024x1365.webp 1024w, https:\/\/qualitystandspanama.com\/wp-content\/uploads\/2025\/04\/IceCare-Dermatologia-2025-810x1080.webp 810w, https:\/\/qualitystandspanama.com\/wp-content\/uploads\/2025\/04\/IceCare-Dermatologia-2025-600x800.webp 600w, https:\/\/qualitystandspanama.com\/wp-content\/uploads\/2025\/04\/IceCare-Dermatologia-2025.webp 1920w\" sizes=\"auto, (max-width: 768px) 100vw, 768px\" \/><\/figure>\n<\/figure>\n<\/div><\/div>\n\n\n\n<p><\/p>","protected":false},"excerpt":{"rendered":"<p>La semana pasada tuvimos el privilegio de participar en el Congreso de Dermatolog\u00eda 2025, uno de los eventos m\u00e9dicos y cient\u00edficos m\u00e1s importantes del a\u00f1o. En \u00e9l se dieron cita reconocidas marcas, profesionales de la salud y especialistas en dermatolog\u00eda de toda la regi\u00f3n. En esta ocasi\u00f3n, nos encargamos del dise\u00f1o y montaje de stands&hellip; <br \/> <a class=\"read-more\" href=\"https:\/\/qualitystandspanama.com\/en\/stands-personalizados-eventos\/\">Read more<\/a><\/p>","protected":false},"author":7,"featured_media":2998,"comment_status":"closed","ping_status":"open","sticky":false,"template":"","format":"standard","meta":{"_joinchat":[],"footnotes":""},"categories":[29],"tags":[39,45,44,40,47,43,27,46,42],"class_list":["post-2737","post","type-post","status-publish","format-standard","has-post-thumbnail","hentry","category-stands-panama","tag-calidad-en-montaje-de-stands","tag-congresos-medicos","tag-diseno-de-stands-para-eventos","tag-eventos-dermatologia","tag-ferias-y-exposiciones","tag-montaje-de-stands","tag-stands-panama","tag-stands-para-congresos","tag-stands-personalizados"],"yoast_head":"<!-- This site is optimized with the Yoast SEO plugin v27.3 - https:\/\/yoast.com\/product\/yoast-seo-wordpress\/ -->\n<title>Montaje de Stands Personalizados para Empresas del Sector Salud \u2013 Congreso de Dermatolog\u00eda 2025 - Quality Stands Panam\u00e1<\/title>\n<meta name=\"description\" content=\"Quality Stands brill\u00f3 en el Congreso de Dermatolog\u00eda 2025, montaje de 9 stands personalizados Cont\u00e1ctanos y destaca en tu pr\u00f3ximo evento.\" \/>\n<meta name=\"robots\" content=\"index, follow, max-snippet:-1, max-image-preview:large, max-video-preview:-1\" \/>\n<link rel=\"canonical\" href=\"https:\/\/qualitystandspanama.com\/en\/stands-personalizados-eventos\/\" \/>\n<meta property=\"og:locale\" content=\"en_US\" \/>\n<meta property=\"og:type\" content=\"article\" \/>\n<meta property=\"og:title\" content=\"Montaje de Stands Personalizados para Empresas del Sector Salud \u2013 Congreso de Dermatolog\u00eda 2025 - Quality Stands Panam\u00e1\" \/>\n<meta property=\"og:description\" content=\"Quality Stands brill\u00f3 en el Congreso de Dermatolog\u00eda 2025, montaje de 9 stands personalizados Cont\u00e1ctanos y destaca en tu pr\u00f3ximo evento.\" \/>\n<meta property=\"og:url\" content=\"https:\/\/qualitystandspanama.com\/en\/stands-personalizados-eventos\/\" \/>\n<meta property=\"og:site_name\" content=\"Quality Stands Panam\u00e1\" \/>\n<meta property=\"article:published_time\" content=\"2025-04-14T22:15:41+00:00\" \/>\n<meta property=\"article:modified_time\" content=\"2026-01-29T22:01:41+00:00\" \/>\n<meta property=\"og:image\" content=\"https:\/\/qualitystandspanama.com\/wp-content\/uploads\/2025\/05\/Isispharma-Dermatologia-2025.webp\" \/>\n\t<meta property=\"og:image:width\" content=\"1920\" \/>\n\t<meta property=\"og:image:height\" content=\"2560\" \/>\n\t<meta property=\"og:image:type\" content=\"image\/webp\" \/>\n<meta name=\"author\" content=\"kevin soto\" \/>\n<meta name=\"twitter:card\" content=\"summary_large_image\" \/>\n<meta name=\"twitter:label1\" content=\"Written by\" \/>\n\t<meta name=\"twitter:data1\" content=\"kevin soto\" \/>\n\t<meta name=\"twitter:label2\" content=\"Est. reading time\" \/>\n\t<meta name=\"twitter:data2\" content=\"3 minutes\" \/>\n<script type=\"application\/ld+json\" class=\"yoast-schema-graph\">{\"@context\":\"https:\\\/\\\/schema.org\",\"@graph\":[{\"@type\":\"Article\",\"@id\":\"https:\\\/\\\/qualitystandspanama.com\\\/stands-personalizados-eventos\\\/#article\",\"isPartOf\":{\"@id\":\"https:\\\/\\\/qualitystandspanama.com\\\/stands-personalizados-eventos\\\/\"},\"author\":{\"name\":\"kevin soto\",\"@id\":\"https:\\\/\\\/sam.dbv.temporary.site\\\/website_4f7c3ff8\\\/#\\\/schema\\\/person\\\/0ff9eed0b4597e11cf87258c4aad955a\"},\"headline\":\"Montaje de Stands Personalizados para Empresas del Sector Salud \u2013 Congreso de Dermatolog\u00eda 2025\",\"datePublished\":\"2025-04-14T22:15:41+00:00\",\"dateModified\":\"2026-01-29T22:01:41+00:00\",\"mainEntityOfPage\":{\"@id\":\"https:\\\/\\\/qualitystandspanama.com\\\/stands-personalizados-eventos\\\/\"},\"wordCount\":329,\"publisher\":{\"@id\":\"https:\\\/\\\/sam.dbv.temporary.site\\\/website_4f7c3ff8\\\/#organization\"},\"image\":{\"@id\":\"https:\\\/\\\/qualitystandspanama.com\\\/stands-personalizados-eventos\\\/#primaryimage\"},\"thumbnailUrl\":\"https:\\\/\\\/qualitystandspanama.com\\\/wp-content\\\/uploads\\\/2025\\\/05\\\/Isispharma-Dermatologia-2025.webp\",\"keywords\":[\"calidad en montaje de stands\",\"congresos m\u00e9dicos\",\"dise\u00f1o de stands para eventos\",\"eventos dermatolog\u00eda\",\"ferias y exposiciones\",\"montaje de stands\",\"Stands Panama\",\"stands para congresos\",\"stands personalizados\"],\"articleSection\":[\"Stands Panama\"],\"inLanguage\":\"en-US\"},{\"@type\":\"WebPage\",\"@id\":\"https:\\\/\\\/qualitystandspanama.com\\\/stands-personalizados-eventos\\\/\",\"url\":\"https:\\\/\\\/qualitystandspanama.com\\\/stands-personalizados-eventos\\\/\",\"name\":\"Montaje de Stands Personalizados para Empresas del Sector Salud \u2013 Congreso de Dermatolog\u00eda 2025 - Quality Stands Panam\u00e1\",\"isPartOf\":{\"@id\":\"https:\\\/\\\/sam.dbv.temporary.site\\\/website_4f7c3ff8\\\/#website\"},\"primaryImageOfPage\":{\"@id\":\"https:\\\/\\\/qualitystandspanama.com\\\/stands-personalizados-eventos\\\/#primaryimage\"},\"image\":{\"@id\":\"https:\\\/\\\/qualitystandspanama.com\\\/stands-personalizados-eventos\\\/#primaryimage\"},\"thumbnailUrl\":\"https:\\\/\\\/qualitystandspanama.com\\\/wp-content\\\/uploads\\\/2025\\\/05\\\/Isispharma-Dermatologia-2025.webp\",\"datePublished\":\"2025-04-14T22:15:41+00:00\",\"dateModified\":\"2026-01-29T22:01:41+00:00\",\"description\":\"Quality Stands brill\u00f3 en el Congreso de Dermatolog\u00eda 2025, montaje de 9 stands personalizados Cont\u00e1ctanos y destaca en tu pr\u00f3ximo evento.\",\"breadcrumb\":{\"@id\":\"https:\\\/\\\/qualitystandspanama.com\\\/stands-personalizados-eventos\\\/#breadcrumb\"},\"inLanguage\":\"en-US\",\"potentialAction\":[{\"@type\":\"ReadAction\",\"target\":[\"https:\\\/\\\/qualitystandspanama.com\\\/stands-personalizados-eventos\\\/\"]}]},{\"@type\":\"ImageObject\",\"inLanguage\":\"en-US\",\"@id\":\"https:\\\/\\\/qualitystandspanama.com\\\/stands-personalizados-eventos\\\/#primaryimage\",\"url\":\"https:\\\/\\\/qualitystandspanama.com\\\/wp-content\\\/uploads\\\/2025\\\/05\\\/Isispharma-Dermatologia-2025.webp\",\"contentUrl\":\"https:\\\/\\\/qualitystandspanama.com\\\/wp-content\\\/uploads\\\/2025\\\/05\\\/Isispharma-Dermatologia-2025.webp\",\"width\":1920,\"height\":2560},{\"@type\":\"BreadcrumbList\",\"@id\":\"https:\\\/\\\/qualitystandspanama.com\\\/stands-personalizados-eventos\\\/#breadcrumb\",\"itemListElement\":[{\"@type\":\"ListItem\",\"position\":1,\"name\":\"Inicio\",\"item\":\"https:\\\/\\\/qualitystandspanama.com\\\/\"},{\"@type\":\"ListItem\",\"position\":2,\"name\":\"Montaje de Stands Personalizados para Empresas del Sector Salud \u2013 Congreso de Dermatolog\u00eda 2025\"}]},{\"@type\":\"WebSite\",\"@id\":\"https:\\\/\\\/sam.dbv.temporary.site\\\/website_4f7c3ff8\\\/#website\",\"url\":\"https:\\\/\\\/sam.dbv.temporary.site\\\/website_4f7c3ff8\\\/\",\"name\":\"Quality Stands Panam\u00e1\",\"description\":\"Beyond the exhibition\",\"publisher\":{\"@id\":\"https:\\\/\\\/sam.dbv.temporary.site\\\/website_4f7c3ff8\\\/#organization\"},\"potentialAction\":[{\"@type\":\"SearchAction\",\"target\":{\"@type\":\"EntryPoint\",\"urlTemplate\":\"https:\\\/\\\/sam.dbv.temporary.site\\\/website_4f7c3ff8\\\/?s={search_term_string}\"},\"query-input\":{\"@type\":\"PropertyValueSpecification\",\"valueRequired\":true,\"valueName\":\"search_term_string\"}}],\"inLanguage\":\"en-US\"},{\"@type\":\"Organization\",\"@id\":\"https:\\\/\\\/sam.dbv.temporary.site\\\/website_4f7c3ff8\\\/#organization\",\"name\":\"Quality Stands Panam\u00e1\",\"url\":\"https:\\\/\\\/sam.dbv.temporary.site\\\/website_4f7c3ff8\\\/\",\"logo\":{\"@type\":\"ImageObject\",\"inLanguage\":\"en-US\",\"@id\":\"https:\\\/\\\/sam.dbv.temporary.site\\\/website_4f7c3ff8\\\/#\\\/schema\\\/logo\\\/image\\\/\",\"url\":\"https:\\\/\\\/qualitystandspanama.com\\\/wp-content\\\/uploads\\\/2022\\\/03\\\/cropped-Quality-logo.png\",\"contentUrl\":\"https:\\\/\\\/qualitystandspanama.com\\\/wp-content\\\/uploads\\\/2022\\\/03\\\/cropped-Quality-logo.png\",\"width\":330,\"height\":113,\"caption\":\"Quality Stands Panam\u00e1\"},\"image\":{\"@id\":\"https:\\\/\\\/sam.dbv.temporary.site\\\/website_4f7c3ff8\\\/#\\\/schema\\\/logo\\\/image\\\/\"},\"sameAs\":[\"https:\\\/\\\/www.instagram.com\\\/qualitystandspanama\\\/\"]},{\"@type\":\"Person\",\"@id\":\"https:\\\/\\\/sam.dbv.temporary.site\\\/website_4f7c3ff8\\\/#\\\/schema\\\/person\\\/0ff9eed0b4597e11cf87258c4aad955a\",\"name\":\"kevin soto\",\"image\":{\"@type\":\"ImageObject\",\"inLanguage\":\"en-US\",\"@id\":\"https:\\\/\\\/secure.gravatar.com\\\/avatar\\\/b18ea76821eb8ccd45e5d8e9f1bb040deff31afff696b7c5e33ac0b9a6e2fb09?s=96&d=mm&r=g\",\"url\":\"https:\\\/\\\/secure.gravatar.com\\\/avatar\\\/b18ea76821eb8ccd45e5d8e9f1bb040deff31afff696b7c5e33ac0b9a6e2fb09?s=96&d=mm&r=g\",\"contentUrl\":\"https:\\\/\\\/secure.gravatar.com\\\/avatar\\\/b18ea76821eb8ccd45e5d8e9f1bb040deff31afff696b7c5e33ac0b9a6e2fb09?s=96&d=mm&r=g\",\"caption\":\"kevin soto\"},\"url\":\"https:\\\/\\\/qualitystandspanama.com\\\/en\\\/author\\\/kevinsoto\\\/\"}]}<\/script>\n<!-- \/ Yoast SEO plugin. -->","yoast_head_json":{"title":"Montaje de Stands Personalizados para Empresas del Sector Salud \u2013 Congreso de Dermatolog\u00eda 2025 - Quality Stands Panam\u00e1","description":"Quality Stands brill\u00f3 en el Congreso de Dermatolog\u00eda 2025, montaje de 9 stands personalizados Cont\u00e1ctanos y destaca en tu pr\u00f3ximo evento.","robots":{"index":"index","follow":"follow","max-snippet":"max-snippet:-1","max-image-preview":"max-image-preview:large","max-video-preview":"max-video-preview:-1"},"canonical":"https:\/\/qualitystandspanama.com\/en\/stands-personalizados-eventos\/","og_locale":"en_US","og_type":"article","og_title":"Montaje de Stands Personalizados para Empresas del Sector Salud \u2013 Congreso de Dermatolog\u00eda 2025 - Quality Stands Panam\u00e1","og_description":"Quality Stands brill\u00f3 en el Congreso de Dermatolog\u00eda 2025, montaje de 9 stands personalizados Cont\u00e1ctanos y destaca en tu pr\u00f3ximo evento.","og_url":"https:\/\/qualitystandspanama.com\/en\/stands-personalizados-eventos\/","og_site_name":"Quality Stands Panam\u00e1","article_published_time":"2025-04-14T22:15:41+00:00","article_modified_time":"2026-01-29T22:01:41+00:00","og_image":[{"width":1920,"height":2560,"url":"https:\/\/qualitystandspanama.com\/wp-content\/uploads\/2025\/05\/Isispharma-Dermatologia-2025.webp","type":"image\/webp"}],"author":"kevin soto","twitter_card":"summary_large_image","twitter_misc":{"Written by":"kevin soto","Est. reading time":"3 minutes"},"schema":{"@context":"https:\/\/schema.org","@graph":[{"@type":"Article","@id":"https:\/\/qualitystandspanama.com\/stands-personalizados-eventos\/#article","isPartOf":{"@id":"https:\/\/qualitystandspanama.com\/stands-personalizados-eventos\/"},"author":{"name":"kevin soto","@id":"https:\/\/sam.dbv.temporary.site\/website_4f7c3ff8\/#\/schema\/person\/0ff9eed0b4597e11cf87258c4aad955a"},"headline":"Montaje de Stands Personalizados para Empresas del Sector Salud \u2013 Congreso de Dermatolog\u00eda 2025","datePublished":"2025-04-14T22:15:41+00:00","dateModified":"2026-01-29T22:01:41+00:00","mainEntityOfPage":{"@id":"https:\/\/qualitystandspanama.com\/stands-personalizados-eventos\/"},"wordCount":329,"publisher":{"@id":"https:\/\/sam.dbv.temporary.site\/website_4f7c3ff8\/#organization"},"image":{"@id":"https:\/\/qualitystandspanama.com\/stands-personalizados-eventos\/#primaryimage"},"thumbnailUrl":"https:\/\/qualitystandspanama.com\/wp-content\/uploads\/2025\/05\/Isispharma-Dermatologia-2025.webp","keywords":["calidad en montaje de stands","congresos m\u00e9dicos","dise\u00f1o de stands para eventos","eventos dermatolog\u00eda","ferias y exposiciones","montaje de stands","Stands Panama","stands para congresos","stands personalizados"],"articleSection":["Stands Panama"],"inLanguage":"en-US"},{"@type":"WebPage","@id":"https:\/\/qualitystandspanama.com\/stands-personalizados-eventos\/","url":"https:\/\/qualitystandspanama.com\/stands-personalizados-eventos\/","name":"Montaje de Stands Personalizados para Empresas del Sector Salud \u2013 Congreso de Dermatolog\u00eda 2025 - Quality Stands Panam\u00e1","isPartOf":{"@id":"https:\/\/sam.dbv.temporary.site\/website_4f7c3ff8\/#website"},"primaryImageOfPage":{"@id":"https:\/\/qualitystandspanama.com\/stands-personalizados-eventos\/#primaryimage"},"image":{"@id":"https:\/\/qualitystandspanama.com\/stands-personalizados-eventos\/#primaryimage"},"thumbnailUrl":"https:\/\/qualitystandspanama.com\/wp-content\/uploads\/2025\/05\/Isispharma-Dermatologia-2025.webp","datePublished":"2025-04-14T22:15:41+00:00","dateModified":"2026-01-29T22:01:41+00:00","description":"Quality Stands brill\u00f3 en el Congreso de Dermatolog\u00eda 2025, montaje de 9 stands personalizados Cont\u00e1ctanos y destaca en tu pr\u00f3ximo evento.","breadcrumb":{"@id":"https:\/\/qualitystandspanama.com\/stands-personalizados-eventos\/#breadcrumb"},"inLanguage":"en-US","potentialAction":[{"@type":"ReadAction","target":["https:\/\/qualitystandspanama.com\/stands-personalizados-eventos\/"]}]},{"@type":"ImageObject","inLanguage":"en-US","@id":"https:\/\/qualitystandspanama.com\/stands-personalizados-eventos\/#primaryimage","url":"https:\/\/qualitystandspanama.com\/wp-content\/uploads\/2025\/05\/Isispharma-Dermatologia-2025.webp","contentUrl":"https:\/\/qualitystandspanama.com\/wp-content\/uploads\/2025\/05\/Isispharma-Dermatologia-2025.webp","width":1920,"height":2560},{"@type":"BreadcrumbList","@id":"https:\/\/qualitystandspanama.com\/stands-personalizados-eventos\/#breadcrumb","itemListElement":[{"@type":"ListItem","position":1,"name":"Inicio","item":"https:\/\/qualitystandspanama.com\/"},{"@type":"ListItem","position":2,"name":"Montaje de Stands Personalizados para Empresas del Sector Salud \u2013 Congreso de Dermatolog\u00eda 2025"}]},{"@type":"WebSite","@id":"https:\/\/sam.dbv.temporary.site\/website_4f7c3ff8\/#website","url":"https:\/\/sam.dbv.temporary.site\/website_4f7c3ff8\/","name":"Quality Stands Panam\u00e1","description":"Beyond the exhibition","publisher":{"@id":"https:\/\/sam.dbv.temporary.site\/website_4f7c3ff8\/#organization"},"potentialAction":[{"@type":"SearchAction","target":{"@type":"EntryPoint","urlTemplate":"https:\/\/sam.dbv.temporary.site\/website_4f7c3ff8\/?s={search_term_string}"},"query-input":{"@type":"PropertyValueSpecification","valueRequired":true,"valueName":"search_term_string"}}],"inLanguage":"en-US"},{"@type":"Organization","@id":"https:\/\/sam.dbv.temporary.site\/website_4f7c3ff8\/#organization","name":"Quality Stands Panam\u00e1","url":"https:\/\/sam.dbv.temporary.site\/website_4f7c3ff8\/","logo":{"@type":"ImageObject","inLanguage":"en-US","@id":"https:\/\/sam.dbv.temporary.site\/website_4f7c3ff8\/#\/schema\/logo\/image\/","url":"https:\/\/qualitystandspanama.com\/wp-content\/uploads\/2022\/03\/cropped-Quality-logo.png","contentUrl":"https:\/\/qualitystandspanama.com\/wp-content\/uploads\/2022\/03\/cropped-Quality-logo.png","width":330,"height":113,"caption":"Quality Stands Panam\u00e1"},"image":{"@id":"https:\/\/sam.dbv.temporary.site\/website_4f7c3ff8\/#\/schema\/logo\/image\/"},"sameAs":["https:\/\/www.instagram.com\/qualitystandspanama\/"]},{"@type":"Person","@id":"https:\/\/sam.dbv.temporary.site\/website_4f7c3ff8\/#\/schema\/person\/0ff9eed0b4597e11cf87258c4aad955a","name":"kevin soto","image":{"@type":"ImageObject","inLanguage":"en-US","@id":"https:\/\/secure.gravatar.com\/avatar\/b18ea76821eb8ccd45e5d8e9f1bb040deff31afff696b7c5e33ac0b9a6e2fb09?s=96&d=mm&r=g","url":"https:\/\/secure.gravatar.com\/avatar\/b18ea76821eb8ccd45e5d8e9f1bb040deff31afff696b7c5e33ac0b9a6e2fb09?s=96&d=mm&r=g","contentUrl":"https:\/\/secure.gravatar.com\/avatar\/b18ea76821eb8ccd45e5d8e9f1bb040deff31afff696b7c5e33ac0b9a6e2fb09?s=96&d=mm&r=g","caption":"kevin soto"},"url":"https:\/\/qualitystandspanama.com\/en\/author\/kevinsoto\/"}]}},"_links":{"self":[{"href":"https:\/\/qualitystandspanama.com\/en\/wp-json\/wp\/v2\/posts\/2737","targetHints":{"allow":["GET"]}}],"collection":[{"href":"https:\/\/qualitystandspanama.com\/en\/wp-json\/wp\/v2\/posts"}],"about":[{"href":"https:\/\/qualitystandspanama.com\/en\/wp-json\/wp\/v2\/types\/post"}],"author":[{"embeddable":true,"href":"https:\/\/qualitystandspanama.com\/en\/wp-json\/wp\/v2\/users\/7"}],"replies":[{"embeddable":true,"href":"https:\/\/qualitystandspanama.com\/en\/wp-json\/wp\/v2\/comments?post=2737"}],"version-history":[{"count":9,"href":"https:\/\/qualitystandspanama.com\/en\/wp-json\/wp\/v2\/posts\/2737\/revisions"}],"predecessor-version":[{"id":3033,"href":"https:\/\/qualitystandspanama.com\/en\/wp-json\/wp\/v2\/posts\/2737\/revisions\/3033"}],"wp:featuredmedia":[{"embeddable":true,"href":"https:\/\/qualitystandspanama.com\/en\/wp-json\/wp\/v2\/media\/2998"}],"wp:attachment":[{"href":"https:\/\/qualitystandspanama.com\/en\/wp-json\/wp\/v2\/media?parent=2737"}],"wp:term":[{"taxonomy":"category","embeddable":true,"href":"https:\/\/qualitystandspanama.com\/en\/wp-json\/wp\/v2\/categories?post=2737"},{"taxonomy":"post_tag","embeddable":true,"href":"https:\/\/qualitystandspanama.com\/en\/wp-json\/wp\/v2\/tags?post=2737"}],"curies":[{"name":"wp","href":"https:\/\/api.w.org\/{rel}","templated":true}]}}