{"id":558,"date":"2023-02-01T22:49:27","date_gmt":"2023-02-01T22:49:27","guid":{"rendered":"https:\/\/sam.dbv.temporary.site\/website_4f7c3ff8\/?p=558"},"modified":"2023-10-31T22:45:29","modified_gmt":"2023-10-31T22:45:29","slug":"alquiler-de-stands-para-expocomer-2024","status":"publish","type":"post","link":"https:\/\/qualitystandspanama.com\/en\/alquiler-de-stands-para-expocomer-2024\/","title":{"rendered":"ALQUILER DE STANDS PARA EXPOCOMER 2024"},"content":{"rendered":"\n<p>En ExpoComer 2024, la exposici\u00f3n de stands es una parte esencial de este evento comercial de renombre internacional por eso te ofrecemos un servicio mas top en tu alquiler de stands para expocomer 2024. ExpoComer 2024 es un evento comercial de renombre internacional que se llevar\u00e1 a cabo en la hermosa ciudad de Panam\u00e1. Esta feria, que se celebra anualmente, es una oportunidad \u00fanica para los empresarios, inversionistas y l\u00edderes de la industria de todo el mundo de conectarse, explorar nuevas oportunidades de negocio y fortalecer relaciones comerciales en un entorno vibrante y din\u00e1mico<\/p>\n\n\n\n<p><\/p>\n\n\n<div class=\"wp-block-image\">\n<figure class=\"aligncenter size-full\"><a href=\"https:\/\/www.expocomer.com\/\"><img loading=\"lazy\" decoding=\"async\" width=\"1024\" height=\"722\" src=\"https:\/\/qualitystandspanama.com\/wp-content\/uploads\/2023\/10\/Arte-Ferias-2024-engMesa-de-trabajo-29@4x-100-1024x722-1.jpg\" alt=\"Afiche Expocomer\" class=\"wp-image-1273\" srcset=\"https:\/\/qualitystandspanama.com\/wp-content\/uploads\/2023\/10\/Arte-Ferias-2024-engMesa-de-trabajo-29@4x-100-1024x722-1.jpg 1024w, https:\/\/qualitystandspanama.com\/wp-content\/uploads\/2023\/10\/Arte-Ferias-2024-engMesa-de-trabajo-29@4x-100-1024x722-1-300x212.jpg 300w, https:\/\/qualitystandspanama.com\/wp-content\/uploads\/2023\/10\/Arte-Ferias-2024-engMesa-de-trabajo-29@4x-100-1024x722-1-768x542.jpg 768w, https:\/\/qualitystandspanama.com\/wp-content\/uploads\/2023\/10\/Arte-Ferias-2024-engMesa-de-trabajo-29@4x-100-1024x722-1-600x423.jpg 600w\" sizes=\"auto, (max-width: 1024px) 100vw, 1024px\" \/><\/a><figcaption class=\"wp-element-caption\">Te ayudamos a armar tu stand <\/figcaption><\/figure>\n<\/div>\n\n\n<p><strong>Qu\u00e9 Esperar en ExpoComer 2024:<\/strong><\/p>\n\n\n\n<p><em>1. Exposici\u00f3n Comercial de Clase Mundial:<\/em><\/p>\n\n\n\n<ul class=\"wp-block-list\">\n<li>ExpoComer es conocido por albergar a m\u00e1s de [n\u00famero de expositores] expositores de diversos sectores, desde tecnolog\u00eda hasta alimentos y bebidas. Los visitantes pueden explorar una amplia gama de productos y servicios de alta calidad.<\/li>\n<\/ul>\n\n\n\n<p><em>2. Oportunidades de Networking:<\/em><\/p>\n\n\n\n<ul class=\"wp-block-list\">\n<li>Este evento re\u00fane a empresarios de todo el mundo, brindando oportunidades invaluables para establecer contactos, colaborar y forjar alianzas comerciales estrat\u00e9gicas.<\/li>\n<\/ul>\n\n\n\n<p><em>3. Conferencias y Seminarios:<\/em><\/p>\n\n\n\n<ul class=\"wp-block-list\">\n<li>ExpoComer presenta una serie de conferencias y seminarios dirigidos por expertos de la industria. Los asistentes pueden aprender sobre las \u00faltimas tendencias, estrategias comerciales y oportunidades de inversi\u00f3n.<\/li>\n<\/ul>\n\n\n\n<p><em>4. Panam\u00e1 como Hub Comercial:<\/em><\/p>\n\n\n\n<ul class=\"wp-block-list\">\n<li>Panam\u00e1 se destaca como un centro log\u00edstico y de comercio internacional, y ExpoComer es una plataforma perfecta para explorar c\u00f3mo el pa\u00eds puede beneficiar a su negocio.<\/li>\n<\/ul>\n\n\n\n<p><em>5. Experiencia Cultural:<\/em><\/p>\n\n\n\n<ul class=\"wp-block-list\">\n<li>Disfrute de la cultura, la gastronom\u00eda y las atracciones tur\u00edsticas de Panam\u00e1 durante su estancia en la ciudad.<\/li>\n<\/ul>\n\n\n\n<p><strong>Inscripci\u00f3n y Registro:<\/strong> Los interesados en asistir a ExpoComer 2024 pueden registrarse en l\u00ednea a trav\u00e9s del sitio web oficial. Se ofrecen diferentes tipos de paquetes de registro para satisfacer las necesidades de cada participante.<\/p>\n\n\n\n<p><strong>Por qu\u00e9 Asistir a ExpoComer 2024:<\/strong> ExpoComer es una oportunidad \u00fanica para explorar nuevas oportunidades de negocio, conocer a expertos en la industria y conectarse con posibles socios comerciales. Adem\u00e1s, el evento ofrece una plataforma excepcional para aprender m\u00e1s sobre el mercado paname\u00f1o y su potencial en el comercio global.<\/p>\n\n\n\n<figure class=\"wp-block-embed is-type-video is-provider-youtube wp-block-embed-youtube wp-embed-aspect-16-9 wp-has-aspect-ratio\"><div class=\"wp-block-embed__wrapper\">\n<div class='embed-container'><iframe loading=\"lazy\" title=\"EXPOCOMER 2024\" width=\"1920\" height=\"1080\" src=\"https:\/\/www.youtube.com\/embed\/4BwMnZnPfC8?feature=oembed\" frameborder=\"0\" allow=\"accelerometer; autoplay; clipboard-write; encrypted-media; gyroscope; picture-in-picture; web-share\" referrerpolicy=\"strict-origin-when-cross-origin\" allowfullscreen><\/iframe><\/div>\n<\/div><\/figure>\n\n\n\n<hr class=\"wp-block-separator has-alpha-channel-opacity is-style-wide\"\/>\n\n\n\n<div style=\"height:20px\" aria-hidden=\"true\" class=\"wp-block-spacer\"><\/div>\n\n\n\n<h2 class=\"wp-block-heading\">Somos tu proveedor de alquiler de stands para ExpoComer 2024<\/h2>\n\n\n\n<p>Quality Stands es una empresa paname\u00f1a con mas de 20 a\u00f1os de experiencia en la organizaci\u00f3n de exhibiciones. Ofrecemos servicios de alquiler de stand para expocomer 2024. Contamos con una amplia variedad de modelos para escoger.<\/p>\n\n\n\n<div style=\"height:5px\" aria-hidden=\"true\" class=\"wp-block-spacer\"><\/div>\n\n\n\n<h2 class=\"wp-block-heading\">Tenemos tres tipos de stands: <\/h2>\n\n\n\n<div class=\"wp-block-media-text alignwide has-media-on-the-right is-stacked-on-mobile is-vertically-aligned-center has-white-background-color has-background\" style=\"grid-template-columns:auto 48%\"><div class=\"wp-block-media-text__content\">\n<div class=\"wp-block-group\" style=\"padding-top:2em;padding-right:2em;padding-bottom:2em;padding-left:2em\"><div class=\"wp-block-group__inner-container is-layout-flow wp-block-group-is-layout-flow\">\n<p style=\"font-size:36px;line-height:1.2\">Stand de Truss<\/p>\n\n\n\n<pre class=\"wp-block-verse has-text-align-left\">Llama la atenci\u00f3n con una estructura robusta, muestra todos tus artes y destaca entre los dem\u00e1s. Este asequible modelo es la opci\u00f3n si deseas cuidar tu presupuesto y distinguirte. <\/pre>\n<\/div><\/div>\n<\/div><figure class=\"wp-block-media-text__media\"><a href=\"https:\/\/qualitystandspanama.com\/\"><img loading=\"lazy\" decoding=\"async\" width=\"1024\" height=\"808\" src=\"https:\/\/qualitystandspanama.com\/wp-content\/uploads\/2023\/02\/DSC01165-1024x808.jpg\" alt=\"Stand de truss Quality \" class=\"wp-image-574 size-full\" srcset=\"https:\/\/qualitystandspanama.com\/wp-content\/uploads\/2023\/02\/DSC01165-1024x808.jpg 1024w, https:\/\/qualitystandspanama.com\/wp-content\/uploads\/2023\/02\/DSC01165-300x237.jpg 300w, https:\/\/qualitystandspanama.com\/wp-content\/uploads\/2023\/02\/DSC01165-768x606.jpg 768w, https:\/\/qualitystandspanama.com\/wp-content\/uploads\/2023\/02\/DSC01165-1536x1213.jpg 1536w, https:\/\/qualitystandspanama.com\/wp-content\/uploads\/2023\/02\/DSC01165-2048x1617.jpg 2048w, https:\/\/qualitystandspanama.com\/wp-content\/uploads\/2023\/02\/DSC01165-1368x1080.jpg 1368w, https:\/\/qualitystandspanama.com\/wp-content\/uploads\/2023\/02\/DSC01165-600x474.jpg 600w\" sizes=\"auto, (max-width: 1024px) 100vw, 1024px\" \/><\/a><\/figure><\/div>\n\n\n\n<div class=\"wp-block-media-text alignwide is-stacked-on-mobile is-vertically-aligned-center has-white-background-color has-background\" style=\"grid-template-columns:52% auto\"><figure class=\"wp-block-media-text__media\"><a href=\"https:\/\/qualitystandspanama.com\/\"><img loading=\"lazy\" decoding=\"async\" width=\"1440\" height=\"962\" src=\"https:\/\/qualitystandspanama.com\/wp-content\/uploads\/2022\/03\/IMG_20220305_193402_476.webp\" alt=\"Stand de perfiles Quality \" class=\"wp-image-442 size-full\" srcset=\"https:\/\/qualitystandspanama.com\/wp-content\/uploads\/2022\/03\/IMG_20220305_193402_476.webp 1440w, https:\/\/qualitystandspanama.com\/wp-content\/uploads\/2022\/03\/IMG_20220305_193402_476-600x401.webp 600w\" sizes=\"auto, (max-width: 1440px) 100vw, 1440px\" \/><\/a><\/figure><div class=\"wp-block-media-text__content\">\n<div class=\"wp-block-group\" style=\"padding-top:2em;padding-right:2em;padding-bottom:2em;padding-left:2em\"><div class=\"wp-block-group__inner-container is-layout-flow wp-block-group-is-layout-flow\">\n<p style=\"font-size:36px;line-height:1.2\">Modelo Perfiles<\/p>\n\n\n\n<pre class=\"wp-block-verse has-text-align-left\">Nuestro modelo estrella.\nDale un toque de elegancia a tu exhibici\u00f3n y has sentir a tus clientes en un ambiente de armon\u00eda donde est\u00e9n comodos para realizar esas negociaciones exitosas. <\/pre>\n<\/div><\/div>\n<\/div><\/div>\n\n\n\n<div class=\"wp-block-media-text alignwide has-media-on-the-right is-stacked-on-mobile is-vertically-aligned-center has-white-background-color has-background\" style=\"grid-template-columns:auto 47%\"><div class=\"wp-block-media-text__content\">\n<div class=\"wp-block-group\" style=\"padding-top:2em;padding-right:2em;padding-bottom:2em;padding-left:2em\"><div class=\"wp-block-group__inner-container is-layout-flow wp-block-group-is-layout-flow\">\n<p style=\"font-size:36px;line-height:1.2\">Stands de Madera<\/p>\n\n\n\n<pre class=\"wp-block-verse\">Llevamos la creatividad al siguiente nivel. Has a alucinar a tus potenciales clientes convirtiendo a tu stand en un magneto de personas.\n\u00a1Hagamos un stand sin limites!<\/pre>\n<\/div><\/div>\n<\/div><figure class=\"wp-block-media-text__media\"><a href=\"https:\/\/qualitystandspanama.com\/\"><img loading=\"lazy\" decoding=\"async\" width=\"1024\" height=\"690\" src=\"https:\/\/qualitystandspanama.com\/wp-content\/uploads\/2022\/03\/Sumitomo-DSC04088rtg-1024x690.jpg\" alt=\"Stand de Madera Quality \" class=\"wp-image-443 size-full\" srcset=\"https:\/\/qualitystandspanama.com\/wp-content\/uploads\/2022\/03\/Sumitomo-DSC04088rtg-1024x690.jpg 1024w, https:\/\/qualitystandspanama.com\/wp-content\/uploads\/2022\/03\/Sumitomo-DSC04088rtg-600x404.jpg 600w, https:\/\/qualitystandspanama.com\/wp-content\/uploads\/2022\/03\/Sumitomo-DSC04088rtg-300x202.jpg 300w, https:\/\/qualitystandspanama.com\/wp-content\/uploads\/2022\/03\/Sumitomo-DSC04088rtg-768x517.jpg 768w, https:\/\/qualitystandspanama.com\/wp-content\/uploads\/2022\/03\/Sumitomo-DSC04088rtg.jpg 1317w\" sizes=\"auto, (max-width: 1024px) 100vw, 1024px\" \/><\/a><\/figure><\/div>\n\n\n\n<div style=\"height:76px\" aria-hidden=\"true\" class=\"wp-block-spacer\"><\/div>\n\n\n\n<div class=\"wp-block-buttons is-layout-flex wp-block-buttons-is-layout-flex\">\n<div class=\"wp-block-button has-custom-width wp-block-button__width-100 has-custom-font-size is-style-fill has-large-font-size\"><a class=\"wp-block-button__link has-white-color has-vivid-green-cyan-background-color has-text-color has-background wp-element-button\" href=\"https:\/\/wa.link\/0ms9co\" style=\"border-radius:55px\" target=\"_blank\" rel=\"noreferrer noopener\">\u00bfNECESITAS UN STAND PARA EXPOCOMER?<\/a><\/div>\n<\/div>\n","protected":false},"excerpt":{"rendered":"<p>En ExpoComer 2024, la exposici\u00f3n de stands es una parte esencial de este evento comercial de renombre internacional por eso te ofrecemos un servicio mas top en tu alquiler de stands para expocomer 2024. ExpoComer 2024 es un evento comercial de renombre internacional que se llevar\u00e1 a cabo en la hermosa ciudad de Panam\u00e1. Esta&hellip; <br \/> <a class=\"read-more\" href=\"https:\/\/qualitystandspanama.com\/en\/alquiler-de-stands-para-expocomer-2024\/\">Read more<\/a><\/p>","protected":false},"author":1,"featured_media":1274,"comment_status":"closed","ping_status":"closed","sticky":false,"template":"","format":"standard","meta":{"_joinchat":[],"footnotes":""},"categories":[29],"tags":[],"class_list":["post-558","post","type-post","status-publish","format-standard","has-post-thumbnail","hentry","category-stands-panama"],"yoast_head":"<!-- This site is optimized with the Yoast SEO plugin v27.3 - https:\/\/yoast.com\/product\/yoast-seo-wordpress\/ -->\n<title>Alquiler de stands para ExpoComer 2024<\/title>\n<meta name=\"description\" content=\"alquiler de stands para ExpoComer 2024, Despreoc\u00fapate por montaje y desmontaje, nosotros lo hacemos por ti. whatsapp 6150-1305\" \/>\n<meta name=\"robots\" content=\"index, follow, max-snippet:-1, max-image-preview:large, max-video-preview:-1\" \/>\n<link rel=\"canonical\" href=\"https:\/\/sam.dbv.temporary.site\/website_4f7c3ff8\/alquiler-de-stands-para-expocomer-2024\/\" \/>\n<meta property=\"og:locale\" content=\"en_US\" \/>\n<meta property=\"og:type\" content=\"article\" \/>\n<meta property=\"og:title\" content=\"Alquiler de stands para ExpoComer 2024\" \/>\n<meta property=\"og:description\" content=\"alquiler de stands para ExpoComer 2024, Despreoc\u00fapate por montaje y desmontaje, nosotros lo hacemos por ti. whatsapp 6150-1305\" \/>\n<meta property=\"og:url\" content=\"https:\/\/sam.dbv.temporary.site\/website_4f7c3ff8\/alquiler-de-stands-para-expocomer-2024\/\" \/>\n<meta property=\"og:site_name\" content=\"Quality Stands Panam\u00e1\" \/>\n<meta property=\"article:published_time\" content=\"2023-02-01T22:49:27+00:00\" \/>\n<meta property=\"article:modified_time\" content=\"2023-10-31T22:45:29+00:00\" \/>\n<meta property=\"og:image\" content=\"https:\/\/sam.dbv.temporary.site\/website_4f7c3ff8\/wp-content\/uploads\/2023\/02\/expocomerespanol.jpg\" \/>\n\t<meta property=\"og:image:width\" content=\"1200\" \/>\n\t<meta property=\"og:image:height\" content=\"562\" \/>\n\t<meta property=\"og:image:type\" content=\"image\/jpeg\" \/>\n<meta name=\"author\" content=\"Cedrick\" \/>\n<meta name=\"twitter:card\" content=\"summary_large_image\" \/>\n<meta name=\"twitter:label1\" content=\"Written by\" \/>\n\t<meta name=\"twitter:data1\" content=\"Cedrick\" \/>\n\t<meta name=\"twitter:label2\" content=\"Est. reading time\" \/>\n\t<meta name=\"twitter:data2\" content=\"3 minutes\" \/>\n<script type=\"application\/ld+json\" class=\"yoast-schema-graph\">{\"@context\":\"https:\\\/\\\/schema.org\",\"@graph\":[{\"@type\":\"Article\",\"@id\":\"https:\\\/\\\/sam.dbv.temporary.site\\\/website_4f7c3ff8\\\/alquiler-de-stands-para-expocomer-2024\\\/#article\",\"isPartOf\":{\"@id\":\"https:\\\/\\\/sam.dbv.temporary.site\\\/website_4f7c3ff8\\\/alquiler-de-stands-para-expocomer-2024\\\/\"},\"author\":{\"name\":\"Cedrick\",\"@id\":\"https:\\\/\\\/sam.dbv.temporary.site\\\/website_4f7c3ff8\\\/#\\\/schema\\\/person\\\/ca1ab27279d45904bc0a1b563022a8ef\"},\"headline\":\"ALQUILER DE STANDS PARA EXPOCOMER 2024\",\"datePublished\":\"2023-02-01T22:49:27+00:00\",\"dateModified\":\"2023-10-31T22:45:29+00:00\",\"mainEntityOfPage\":{\"@id\":\"https:\\\/\\\/sam.dbv.temporary.site\\\/website_4f7c3ff8\\\/alquiler-de-stands-para-expocomer-2024\\\/\"},\"wordCount\":427,\"publisher\":{\"@id\":\"https:\\\/\\\/sam.dbv.temporary.site\\\/website_4f7c3ff8\\\/#organization\"},\"image\":{\"@id\":\"https:\\\/\\\/sam.dbv.temporary.site\\\/website_4f7c3ff8\\\/alquiler-de-stands-para-expocomer-2024\\\/#primaryimage\"},\"thumbnailUrl\":\"https:\\\/\\\/qualitystandspanama.com\\\/wp-content\\\/uploads\\\/2023\\\/02\\\/expocomerespanol.jpg\",\"articleSection\":[\"Stands Panama\"],\"inLanguage\":\"en-US\"},{\"@type\":\"WebPage\",\"@id\":\"https:\\\/\\\/sam.dbv.temporary.site\\\/website_4f7c3ff8\\\/alquiler-de-stands-para-expocomer-2024\\\/\",\"url\":\"https:\\\/\\\/sam.dbv.temporary.site\\\/website_4f7c3ff8\\\/alquiler-de-stands-para-expocomer-2024\\\/\",\"name\":\"Alquiler de stands para ExpoComer 2024\",\"isPartOf\":{\"@id\":\"https:\\\/\\\/sam.dbv.temporary.site\\\/website_4f7c3ff8\\\/#website\"},\"primaryImageOfPage\":{\"@id\":\"https:\\\/\\\/sam.dbv.temporary.site\\\/website_4f7c3ff8\\\/alquiler-de-stands-para-expocomer-2024\\\/#primaryimage\"},\"image\":{\"@id\":\"https:\\\/\\\/sam.dbv.temporary.site\\\/website_4f7c3ff8\\\/alquiler-de-stands-para-expocomer-2024\\\/#primaryimage\"},\"thumbnailUrl\":\"https:\\\/\\\/qualitystandspanama.com\\\/wp-content\\\/uploads\\\/2023\\\/02\\\/expocomerespanol.jpg\",\"datePublished\":\"2023-02-01T22:49:27+00:00\",\"dateModified\":\"2023-10-31T22:45:29+00:00\",\"description\":\"alquiler de stands para ExpoComer 2024, Despreoc\u00fapate por montaje y desmontaje, nosotros lo hacemos por ti. whatsapp 6150-1305\",\"breadcrumb\":{\"@id\":\"https:\\\/\\\/sam.dbv.temporary.site\\\/website_4f7c3ff8\\\/alquiler-de-stands-para-expocomer-2024\\\/#breadcrumb\"},\"inLanguage\":\"en-US\",\"potentialAction\":[{\"@type\":\"ReadAction\",\"target\":[\"https:\\\/\\\/sam.dbv.temporary.site\\\/website_4f7c3ff8\\\/alquiler-de-stands-para-expocomer-2024\\\/\"]}]},{\"@type\":\"ImageObject\",\"inLanguage\":\"en-US\",\"@id\":\"https:\\\/\\\/sam.dbv.temporary.site\\\/website_4f7c3ff8\\\/alquiler-de-stands-para-expocomer-2024\\\/#primaryimage\",\"url\":\"https:\\\/\\\/qualitystandspanama.com\\\/wp-content\\\/uploads\\\/2023\\\/02\\\/expocomerespanol.jpg\",\"contentUrl\":\"https:\\\/\\\/qualitystandspanama.com\\\/wp-content\\\/uploads\\\/2023\\\/02\\\/expocomerespanol.jpg\",\"width\":1200,\"height\":562,\"caption\":\"Stands expocomer\"},{\"@type\":\"BreadcrumbList\",\"@id\":\"https:\\\/\\\/sam.dbv.temporary.site\\\/website_4f7c3ff8\\\/alquiler-de-stands-para-expocomer-2024\\\/#breadcrumb\",\"itemListElement\":[{\"@type\":\"ListItem\",\"position\":1,\"name\":\"Inicio\",\"item\":\"https:\\\/\\\/qualitystandspanama.com\\\/\"},{\"@type\":\"ListItem\",\"position\":2,\"name\":\"ALQUILER DE STANDS PARA EXPOCOMER 2024\"}]},{\"@type\":\"WebSite\",\"@id\":\"https:\\\/\\\/sam.dbv.temporary.site\\\/website_4f7c3ff8\\\/#website\",\"url\":\"https:\\\/\\\/sam.dbv.temporary.site\\\/website_4f7c3ff8\\\/\",\"name\":\"Quality Stands Panam\u00e1\",\"description\":\"Beyond the exhibition\",\"publisher\":{\"@id\":\"https:\\\/\\\/sam.dbv.temporary.site\\\/website_4f7c3ff8\\\/#organization\"},\"potentialAction\":[{\"@type\":\"SearchAction\",\"target\":{\"@type\":\"EntryPoint\",\"urlTemplate\":\"https:\\\/\\\/sam.dbv.temporary.site\\\/website_4f7c3ff8\\\/?s={search_term_string}\"},\"query-input\":{\"@type\":\"PropertyValueSpecification\",\"valueRequired\":true,\"valueName\":\"search_term_string\"}}],\"inLanguage\":\"en-US\"},{\"@type\":\"Organization\",\"@id\":\"https:\\\/\\\/sam.dbv.temporary.site\\\/website_4f7c3ff8\\\/#organization\",\"name\":\"Quality Stands Panam\u00e1\",\"url\":\"https:\\\/\\\/sam.dbv.temporary.site\\\/website_4f7c3ff8\\\/\",\"logo\":{\"@type\":\"ImageObject\",\"inLanguage\":\"en-US\",\"@id\":\"https:\\\/\\\/sam.dbv.temporary.site\\\/website_4f7c3ff8\\\/#\\\/schema\\\/logo\\\/image\\\/\",\"url\":\"https:\\\/\\\/qualitystandspanama.com\\\/wp-content\\\/uploads\\\/2022\\\/03\\\/cropped-Quality-logo.png\",\"contentUrl\":\"https:\\\/\\\/qualitystandspanama.com\\\/wp-content\\\/uploads\\\/2022\\\/03\\\/cropped-Quality-logo.png\",\"width\":330,\"height\":113,\"caption\":\"Quality Stands Panam\u00e1\"},\"image\":{\"@id\":\"https:\\\/\\\/sam.dbv.temporary.site\\\/website_4f7c3ff8\\\/#\\\/schema\\\/logo\\\/image\\\/\"},\"sameAs\":[\"https:\\\/\\\/www.instagram.com\\\/qualitystandspanama\\\/\"]},{\"@type\":\"Person\",\"@id\":\"https:\\\/\\\/sam.dbv.temporary.site\\\/website_4f7c3ff8\\\/#\\\/schema\\\/person\\\/ca1ab27279d45904bc0a1b563022a8ef\",\"name\":\"Cedrick\",\"image\":{\"@type\":\"ImageObject\",\"inLanguage\":\"en-US\",\"@id\":\"https:\\\/\\\/secure.gravatar.com\\\/avatar\\\/9d59c225644633264e96d53df0b2ed764840baab527f64c14b86507c71eb2b99?s=96&d=mm&r=g\",\"url\":\"https:\\\/\\\/secure.gravatar.com\\\/avatar\\\/9d59c225644633264e96d53df0b2ed764840baab527f64c14b86507c71eb2b99?s=96&d=mm&r=g\",\"contentUrl\":\"https:\\\/\\\/secure.gravatar.com\\\/avatar\\\/9d59c225644633264e96d53df0b2ed764840baab527f64c14b86507c71eb2b99?s=96&d=mm&r=g\",\"caption\":\"Cedrick\"},\"sameAs\":[\"https:\\\/\\\/qualitystandspanama.com\"],\"url\":\"https:\\\/\\\/qualitystandspanama.com\\\/en\\\/author\\\/cedrick\\\/\"}]}<\/script>\n<!-- \/ Yoast SEO plugin. -->","yoast_head_json":{"title":"Alquiler de stands para ExpoComer 2024","description":"alquiler de stands para ExpoComer 2024, Despreoc\u00fapate por montaje y desmontaje, nosotros lo hacemos por ti. whatsapp 6150-1305","robots":{"index":"index","follow":"follow","max-snippet":"max-snippet:-1","max-image-preview":"max-image-preview:large","max-video-preview":"max-video-preview:-1"},"canonical":"https:\/\/sam.dbv.temporary.site\/website_4f7c3ff8\/alquiler-de-stands-para-expocomer-2024\/","og_locale":"en_US","og_type":"article","og_title":"Alquiler de stands para ExpoComer 2024","og_description":"alquiler de stands para ExpoComer 2024, Despreoc\u00fapate por montaje y desmontaje, nosotros lo hacemos por ti. whatsapp 6150-1305","og_url":"https:\/\/sam.dbv.temporary.site\/website_4f7c3ff8\/alquiler-de-stands-para-expocomer-2024\/","og_site_name":"Quality Stands Panam\u00e1","article_published_time":"2023-02-01T22:49:27+00:00","article_modified_time":"2023-10-31T22:45:29+00:00","og_image":[{"width":1200,"height":562,"url":"https:\/\/sam.dbv.temporary.site\/website_4f7c3ff8\/wp-content\/uploads\/2023\/02\/expocomerespanol.jpg","type":"image\/jpeg"}],"author":"Cedrick","twitter_card":"summary_large_image","twitter_misc":{"Written by":"Cedrick","Est. reading time":"3 minutes"},"schema":{"@context":"https:\/\/schema.org","@graph":[{"@type":"Article","@id":"https:\/\/sam.dbv.temporary.site\/website_4f7c3ff8\/alquiler-de-stands-para-expocomer-2024\/#article","isPartOf":{"@id":"https:\/\/sam.dbv.temporary.site\/website_4f7c3ff8\/alquiler-de-stands-para-expocomer-2024\/"},"author":{"name":"Cedrick","@id":"https:\/\/sam.dbv.temporary.site\/website_4f7c3ff8\/#\/schema\/person\/ca1ab27279d45904bc0a1b563022a8ef"},"headline":"ALQUILER DE STANDS PARA EXPOCOMER 2024","datePublished":"2023-02-01T22:49:27+00:00","dateModified":"2023-10-31T22:45:29+00:00","mainEntityOfPage":{"@id":"https:\/\/sam.dbv.temporary.site\/website_4f7c3ff8\/alquiler-de-stands-para-expocomer-2024\/"},"wordCount":427,"publisher":{"@id":"https:\/\/sam.dbv.temporary.site\/website_4f7c3ff8\/#organization"},"image":{"@id":"https:\/\/sam.dbv.temporary.site\/website_4f7c3ff8\/alquiler-de-stands-para-expocomer-2024\/#primaryimage"},"thumbnailUrl":"https:\/\/qualitystandspanama.com\/wp-content\/uploads\/2023\/02\/expocomerespanol.jpg","articleSection":["Stands Panama"],"inLanguage":"en-US"},{"@type":"WebPage","@id":"https:\/\/sam.dbv.temporary.site\/website_4f7c3ff8\/alquiler-de-stands-para-expocomer-2024\/","url":"https:\/\/sam.dbv.temporary.site\/website_4f7c3ff8\/alquiler-de-stands-para-expocomer-2024\/","name":"Alquiler de stands para ExpoComer 2024","isPartOf":{"@id":"https:\/\/sam.dbv.temporary.site\/website_4f7c3ff8\/#website"},"primaryImageOfPage":{"@id":"https:\/\/sam.dbv.temporary.site\/website_4f7c3ff8\/alquiler-de-stands-para-expocomer-2024\/#primaryimage"},"image":{"@id":"https:\/\/sam.dbv.temporary.site\/website_4f7c3ff8\/alquiler-de-stands-para-expocomer-2024\/#primaryimage"},"thumbnailUrl":"https:\/\/qualitystandspanama.com\/wp-content\/uploads\/2023\/02\/expocomerespanol.jpg","datePublished":"2023-02-01T22:49:27+00:00","dateModified":"2023-10-31T22:45:29+00:00","description":"alquiler de stands para ExpoComer 2024, Despreoc\u00fapate por montaje y desmontaje, nosotros lo hacemos por ti. whatsapp 6150-1305","breadcrumb":{"@id":"https:\/\/sam.dbv.temporary.site\/website_4f7c3ff8\/alquiler-de-stands-para-expocomer-2024\/#breadcrumb"},"inLanguage":"en-US","potentialAction":[{"@type":"ReadAction","target":["https:\/\/sam.dbv.temporary.site\/website_4f7c3ff8\/alquiler-de-stands-para-expocomer-2024\/"]}]},{"@type":"ImageObject","inLanguage":"en-US","@id":"https:\/\/sam.dbv.temporary.site\/website_4f7c3ff8\/alquiler-de-stands-para-expocomer-2024\/#primaryimage","url":"https:\/\/qualitystandspanama.com\/wp-content\/uploads\/2023\/02\/expocomerespanol.jpg","contentUrl":"https:\/\/qualitystandspanama.com\/wp-content\/uploads\/2023\/02\/expocomerespanol.jpg","width":1200,"height":562,"caption":"Stands expocomer"},{"@type":"BreadcrumbList","@id":"https:\/\/sam.dbv.temporary.site\/website_4f7c3ff8\/alquiler-de-stands-para-expocomer-2024\/#breadcrumb","itemListElement":[{"@type":"ListItem","position":1,"name":"Inicio","item":"https:\/\/qualitystandspanama.com\/"},{"@type":"ListItem","position":2,"name":"ALQUILER DE STANDS PARA EXPOCOMER 2024"}]},{"@type":"WebSite","@id":"https:\/\/sam.dbv.temporary.site\/website_4f7c3ff8\/#website","url":"https:\/\/sam.dbv.temporary.site\/website_4f7c3ff8\/","name":"Quality Stands Panam\u00e1","description":"Beyond the exhibition","publisher":{"@id":"https:\/\/sam.dbv.temporary.site\/website_4f7c3ff8\/#organization"},"potentialAction":[{"@type":"SearchAction","target":{"@type":"EntryPoint","urlTemplate":"https:\/\/sam.dbv.temporary.site\/website_4f7c3ff8\/?s={search_term_string}"},"query-input":{"@type":"PropertyValueSpecification","valueRequired":true,"valueName":"search_term_string"}}],"inLanguage":"en-US"},{"@type":"Organization","@id":"https:\/\/sam.dbv.temporary.site\/website_4f7c3ff8\/#organization","name":"Quality Stands Panam\u00e1","url":"https:\/\/sam.dbv.temporary.site\/website_4f7c3ff8\/","logo":{"@type":"ImageObject","inLanguage":"en-US","@id":"https:\/\/sam.dbv.temporary.site\/website_4f7c3ff8\/#\/schema\/logo\/image\/","url":"https:\/\/qualitystandspanama.com\/wp-content\/uploads\/2022\/03\/cropped-Quality-logo.png","contentUrl":"https:\/\/qualitystandspanama.com\/wp-content\/uploads\/2022\/03\/cropped-Quality-logo.png","width":330,"height":113,"caption":"Quality Stands Panam\u00e1"},"image":{"@id":"https:\/\/sam.dbv.temporary.site\/website_4f7c3ff8\/#\/schema\/logo\/image\/"},"sameAs":["https:\/\/www.instagram.com\/qualitystandspanama\/"]},{"@type":"Person","@id":"https:\/\/sam.dbv.temporary.site\/website_4f7c3ff8\/#\/schema\/person\/ca1ab27279d45904bc0a1b563022a8ef","name":"Cedrick","image":{"@type":"ImageObject","inLanguage":"en-US","@id":"https:\/\/secure.gravatar.com\/avatar\/9d59c225644633264e96d53df0b2ed764840baab527f64c14b86507c71eb2b99?s=96&d=mm&r=g","url":"https:\/\/secure.gravatar.com\/avatar\/9d59c225644633264e96d53df0b2ed764840baab527f64c14b86507c71eb2b99?s=96&d=mm&r=g","contentUrl":"https:\/\/secure.gravatar.com\/avatar\/9d59c225644633264e96d53df0b2ed764840baab527f64c14b86507c71eb2b99?s=96&d=mm&r=g","caption":"Cedrick"},"sameAs":["https:\/\/qualitystandspanama.com"],"url":"https:\/\/qualitystandspanama.com\/en\/author\/cedrick\/"}]}},"_links":{"self":[{"href":"https:\/\/qualitystandspanama.com\/en\/wp-json\/wp\/v2\/posts\/558","targetHints":{"allow":["GET"]}}],"collection":[{"href":"https:\/\/qualitystandspanama.com\/en\/wp-json\/wp\/v2\/posts"}],"about":[{"href":"https:\/\/qualitystandspanama.com\/en\/wp-json\/wp\/v2\/types\/post"}],"author":[{"embeddable":true,"href":"https:\/\/qualitystandspanama.com\/en\/wp-json\/wp\/v2\/users\/1"}],"replies":[{"embeddable":true,"href":"https:\/\/qualitystandspanama.com\/en\/wp-json\/wp\/v2\/comments?post=558"}],"version-history":[{"count":10,"href":"https:\/\/qualitystandspanama.com\/en\/wp-json\/wp\/v2\/posts\/558\/revisions"}],"predecessor-version":[{"id":1604,"href":"https:\/\/qualitystandspanama.com\/en\/wp-json\/wp\/v2\/posts\/558\/revisions\/1604"}],"wp:featuredmedia":[{"embeddable":true,"href":"https:\/\/qualitystandspanama.com\/en\/wp-json\/wp\/v2\/media\/1274"}],"wp:attachment":[{"href":"https:\/\/qualitystandspanama.com\/en\/wp-json\/wp\/v2\/media?parent=558"}],"wp:term":[{"taxonomy":"category","embeddable":true,"href":"https:\/\/qualitystandspanama.com\/en\/wp-json\/wp\/v2\/categories?post=558"},{"taxonomy":"post_tag","embeddable":true,"href":"https:\/\/qualitystandspanama.com\/en\/wp-json\/wp\/v2\/tags?post=558"}],"curies":[{"name":"wp","href":"https:\/\/api.w.org\/{rel}","templated":true}]}}